{"id":945,"date":"2015-09-02T16:34:35","date_gmt":"2015-09-02T22:34:35","guid":{"rendered":"https:\/\/psoluciones.net\/?p=945"},"modified":"2015-09-02T16:34:35","modified_gmt":"2015-09-02T22:34:35","slug":"por-que-google-decidio-cambiar-su-logotipo","status":"publish","type":"post","link":"https:\/\/emanuelpaxtian.com\/blog\/por-que-google-decidio-cambiar-su-logotipo\/","title":{"rendered":"\u00bfPor qu\u00e9 Google decidi\u00f3 cambiar su logotipo?"},"content":{"rendered":"<p>Tras el anuncio de Alphabet, el conglomerado que agrupa a Google y otras empresas, el gigante de las b\u00fasquedas por internet present\u00f3 este martes el redise\u00f1o de su logotipo y de otros elementos que componen su imagen de marca.<\/p>\n<p>La compa\u00f1\u00eda radicada en California, EE.UU., justific\u00f3 los cambios por la necesidad de adaptarse a los diferentes dispositivos en los que los consumidores acceden a sus productos.<\/p>\n<p>&#8220;Hemos tomado el logotipo y la marca, originalmente creados para la p\u00e1gina del navegador del ordenador, actualiz\u00e1ndolos para ser utilizados en un entorno m\u00e1s interconectado y desde m\u00faltiples dispositivos&#8221;, se\u00f1alaron los responsables de Google en su blog corporativo.<\/p>\n<p>\u00bfPor qu\u00e9 Google decidi\u00f3 cambiar su logotipo?<br \/>\n&#8220;Creemos que hemos tomado lo mejor de Google (su sencillez, limpieza, colorido y facilidad de uso) para transformarlo, no solo para el Google actual, sino tambi\u00e9n para el Google futuro&#8221;, indicaron.<img loading=\"lazy\" decoding=\"async\" src=\"https:\/\/emanuelpaxtian.com\/blog\/wp-content\/uploads\/2015\/09\/base_image.jpg\" alt=\"base_image\" width=\"619\" height=\"347\" class=\"aligncenter size-full wp-image-947\" srcset=\"https:\/\/emanuelpaxtian.com\/blog\/wp-content\/uploads\/2015\/09\/base_image.jpg 619w, https:\/\/emanuelpaxtian.com\/blog\/wp-content\/uploads\/2015\/09\/base_image-300x168.jpg 300w\" sizes=\"auto, (max-width: 619px) 100vw, 619px\" \/><\/p>\n<p>El redise\u00f1o del logotipo incluye una versi\u00f3n compacta que consiste en una \u00fanica letra G may\u00fascula con los cuatro colores caracter\u00edsticos de la marca, as\u00ed como cuatro puntos que se utilizar\u00e1n cuando las p\u00e1ginas o aplicaciones de la compa\u00f1\u00eda indiquen un estado de carga.<\/p>\n<p>\u00bfPor qu\u00e9 Google decidi\u00f3 cambiar su logotipo?<br \/>\nEn el nuevo logo se abandonan las serifas, los adornos ubicados en los extremos de las l\u00edneas de los caracteres.<\/p>\n<p>Seg\u00fan destaca desde California el periodista de BBC Mundo Jaime Gonz\u00e1lez, Google ha utilizado la misma tipograf\u00eda para el logotipo de Alphabet, su nueva compa\u00f1\u00eda matriz que dio a conocer a mediados de agosto bajo la cual agrup\u00f3 todas sus actividades.<\/p>\n","protected":false},"excerpt":{"rendered":"<p>Tras el anuncio de Alphabet, el conglomerado que agrupa a Google y otras empresas, el gigante de las b\u00fasquedas por internet present\u00f3 este martes el redise\u00f1o de su logotipo y&hellip;<\/p>\n","protected":false},"author":1,"featured_media":946,"comment_status":"closed","ping_status":"open","sticky":false,"template":"","format":"standard","meta":{"footnotes":""},"categories":[4],"tags":[],"class_list":["post-945","post","type-post","status-publish","format-standard","has-post-thumbnail","hentry","category-noticias"],"_links":{"self":[{"href":"https:\/\/emanuelpaxtian.com\/blog\/wp-json\/wp\/v2\/posts\/945","targetHints":{"allow":["GET"]}}],"collection":[{"href":"https:\/\/emanuelpaxtian.com\/blog\/wp-json\/wp\/v2\/posts"}],"about":[{"href":"https:\/\/emanuelpaxtian.com\/blog\/wp-json\/wp\/v2\/types\/post"}],"author":[{"embeddable":true,"href":"https:\/\/emanuelpaxtian.com\/blog\/wp-json\/wp\/v2\/users\/1"}],"replies":[{"embeddable":true,"href":"https:\/\/emanuelpaxtian.com\/blog\/wp-json\/wp\/v2\/comments?post=945"}],"version-history":[{"count":0,"href":"https:\/\/emanuelpaxtian.com\/blog\/wp-json\/wp\/v2\/posts\/945\/revisions"}],"wp:featuredmedia":[{"embeddable":true,"href":"https:\/\/emanuelpaxtian.com\/blog\/wp-json\/wp\/v2\/media\/946"}],"wp:attachment":[{"href":"https:\/\/emanuelpaxtian.com\/blog\/wp-json\/wp\/v2\/media?parent=945"}],"wp:term":[{"taxonomy":"category","embeddable":true,"href":"https:\/\/emanuelpaxtian.com\/blog\/wp-json\/wp\/v2\/categories?post=945"},{"taxonomy":"post_tag","embeddable":true,"href":"https:\/\/emanuelpaxtian.com\/blog\/wp-json\/wp\/v2\/tags?post=945"}],"curies":[{"name":"wp","href":"https:\/\/api.w.org\/{rel}","templated":true}]}}