{"id":98,"date":"2014-01-09T15:24:47","date_gmt":"2014-01-09T15:28:54","guid":{"rendered":"https:\/\/21de3intel.jpg"},"modified":"2015-07-16T19:44:41","modified_gmt":"2015-07-17T01:44:41","slug":"el-antivirus-mcafee-pasara-a-llamarse-intel-security","status":"publish","type":"post","link":"https:\/\/emanuelpaxtian.com\/blog\/el-antivirus-mcafee-pasara-a-llamarse-intel-security\/","title":{"rendered":"El antivirus McAfee pasara a llamarse Intel Security"},"content":{"rendered":"<p>El fabricante de microprocesadores, propietario del software desde 2010, inform\u00f3 que se tomar\u00e1 un a\u00f1o para asentar la nueva marca. Quiere cortar lazos con el exc\u00e9ntrico creador del antivirus.<\/p>\n<p>Esta semana, en la previa al CES 2014, el CEO de Intel Brian Krzanich anunci\u00f3 que su software de seguridad inform\u00e1tica McAfee Antivirus pasar\u00e1 a llamarse Intel Security.<\/p>\n<p>El cambio de marca ya fue implementado y se ir\u00e1 asentando en el transcurso del a\u00f1o con el lanzamiento de una bater\u00eda de productos nuevos ligados a la seguridad inform\u00e1tica.<\/p>\n<p>Intel adquiri\u00f3 McAfee en agosto de 2010, por la suma de 7.680 millones de d\u00f3lares en la compra m\u00e1s importante de su historia. Esta ser\u00e1 la primera vez que el fabricante de microprocesadores asocie directamente su marca con las aplicaciones que posee en su cartera de productos desde hace m\u00e1s de tres a\u00f1os.<\/p>\n<p>Si bien Krzanich en ning\u00fan momento lo mencion\u00f3, la gran conclusi\u00f3n que dej\u00f3 el cambio de marca fue la necesidad de Intel de despegarse de John McAfee, creador del software antivirus.<\/p>\n<p>El exc\u00e9ntrico programador figur\u00f3 en la secci\u00f3n Policiales de los peri\u00f3dicos de todo el mundo al resultar sospechoso de asesinato en Belice, para luego de hu\u00edr de la polic\u00eda local y hacerse pasar por v\u00edctima de un secuestro. Su relaci\u00f3n con Intel termin\u00f3 por quebrarse en junio del a\u00f1o pasado, cuando subi\u00f3 un video burl\u00e1ndose del antivirus que llevaba su nombre y sus nuevos responsables.<\/p>\n<p>John se enter\u00f3 de la decisi\u00f3n de Intel de sacarle su apellido a la aplicaci\u00f3n de seguridad inform\u00e1tica que vende y ya hizo p\u00fablica su opini\u00f3n a trav\u00e9s de la BBC: \u201cEstoy eternamente agradecido a Intel por liberarme de esa terrible asociaci\u00f3n que ten\u00eda con el peor software del planeta. No lo digo yo, sino los millones de usuarios furiosos. Mi alegr\u00eda por la decisi\u00f3n de Intel no tiene palabras\u201d.<\/p>\n","protected":false},"excerpt":{"rendered":"<p>El fabricante de microprocesadores, propietario del software desde 2010, inform\u00f3 que se tomar\u00e1 un a\u00f1o para asentar la nueva marca. Quiere cortar lazos con el exc\u00e9ntrico creador del antivirus. Esta&hellip;<\/p>\n","protected":false},"author":1,"featured_media":439,"comment_status":"closed","ping_status":"closed","sticky":false,"template":"","format":"standard","meta":{"footnotes":""},"categories":[4,15],"tags":[],"class_list":["post-98","post","type-post","status-publish","format-standard","has-post-thumbnail","hentry","category-noticias","category-windows"],"_links":{"self":[{"href":"https:\/\/emanuelpaxtian.com\/blog\/wp-json\/wp\/v2\/posts\/98","targetHints":{"allow":["GET"]}}],"collection":[{"href":"https:\/\/emanuelpaxtian.com\/blog\/wp-json\/wp\/v2\/posts"}],"about":[{"href":"https:\/\/emanuelpaxtian.com\/blog\/wp-json\/wp\/v2\/types\/post"}],"author":[{"embeddable":true,"href":"https:\/\/emanuelpaxtian.com\/blog\/wp-json\/wp\/v2\/users\/1"}],"replies":[{"embeddable":true,"href":"https:\/\/emanuelpaxtian.com\/blog\/wp-json\/wp\/v2\/comments?post=98"}],"version-history":[{"count":0,"href":"https:\/\/emanuelpaxtian.com\/blog\/wp-json\/wp\/v2\/posts\/98\/revisions"}],"wp:featuredmedia":[{"embeddable":true,"href":"https:\/\/emanuelpaxtian.com\/blog\/wp-json\/wp\/v2\/media\/439"}],"wp:attachment":[{"href":"https:\/\/emanuelpaxtian.com\/blog\/wp-json\/wp\/v2\/media?parent=98"}],"wp:term":[{"taxonomy":"category","embeddable":true,"href":"https:\/\/emanuelpaxtian.com\/blog\/wp-json\/wp\/v2\/categories?post=98"},{"taxonomy":"post_tag","embeddable":true,"href":"https:\/\/emanuelpaxtian.com\/blog\/wp-json\/wp\/v2\/tags?post=98"}],"curies":[{"name":"wp","href":"https:\/\/api.w.org\/{rel}","templated":true}]}}